{"id":3166,"date":"2022-01-12T10:18:59","date_gmt":"2022-01-12T09:18:59","guid":{"rendered":"https:\/\/f-sc.org\/conference-terrorism-radicalisation-psychological-trauma-and-resilience\/"},"modified":"2022-01-12T10:19:02","modified_gmt":"2022-01-12T09:19:02","slug":"conference-terrorism-radicalisation-psychological-trauma-and-resilience","status":"publish","type":"post","link":"https:\/\/f-sc.org\/en\/conference-terrorism-radicalisation-psychological-trauma-and-resilience\/","title":{"rendered":"Conference &#8220;Terrorism, radicalisation: psychological trauma and resilience&#8221;."},"content":{"rendered":"<section class=\"l-section wpb_row us_custom_432d3f53 height_medium\"><div class=\"l-section-h i-cf\"><div class=\"g-cols vc_row via_grid cols_1 laptops-cols_inherit tablets-cols_inherit mobiles-cols_1 valign_top type_default stacking_default\"><div class=\"wpb_column vc_column_container\"><div class=\"vc_column-inner\"><div class=\"g-cols wpb_row via_grid cols_2-1 laptops-cols_inherit tablets-cols_inherit mobiles-cols_1 valign_middle type_default stacking_default\" style=\"--columns-gap:3rem;\"><div class=\"wpb_column vc_column_container\"><div class=\"vc_column-inner\"><div class=\"wpb_text_column\"><div class=\"wpb_wrapper\"><p>Developing applied research useful to the fight against terrorism implies associating the best contributors, both academically and operationally, and covering a broad spectrum, from the anticipation of terrorist acts to the confrontation and then to all forms of post-attack resilience.<\/p>\n<p>The contributors are in line with this logic of seeking scientific excellence with an operational vocation and illustrate the variety and high level of thinking that CELT strives to federate in order to contribute to the fight against terrorism undertaken by France.<\/p>\n<p>This colloquium follows the publication of the special issue of the journal D\u00e9fense et S\u00e9curit\u00e9 Internationale (No. 47, April 2016) and marks the first in a series of scientific events that CELT will organise in order to carry out an ambitious long-term work programme.<\/p>\n<p>The proceedings of the conference are published in the book <a href=\"https:\/\/www.economica.fr\/livre-lutter-contre-le-terrorisme-c2x32211399?PGFLngID=0\"><em>Lutter contre le terrorisme<\/em><\/a> (Fighting Terrorism), published by Economica.<\/p>\n<p>In 2012, the research centre of the Saint-Cyr Co\u00ebtquidan schools (CREC), the journal Inflexions, and Dr Jean-Michel Le Masson, head of the zonal health service of the general secretariat for the administration of the Ministry of the Interior, launched an ambitious research programme devoted to invisible injuries. A first symposium was organised in October 2012. Incorporating a psycho-social approach to psychological war trauma, it has made it possible to draw up a precise inventory of the situation and encouraged better consideration of psychological injuries. A second symposium in November 2014, focusing on resilience, opened the debate to institutions and companies facing the same issues.<br \/>\nThis third scientific event, supported by the Centre of Expertise &#8220;Fight against Terrorism&#8221; (CELT) and the Chair &#8220;Ethics of Decision&#8221; aims to address acts of terrorism and its psychological consequences, especially after the attacks of 2015 and 2016 in France.<\/p>\n<p>The management of the attacks, medical and psychological care, institutional care and legal and financial compensation will be discussed in turn. An approach to radicalisation factors and resilience will conclude the debates.<\/p>\n<p>The proceedings of the conference are published in the book <a href=\"https:\/\/www.economica.fr\/livre-blessures-invisibles-et-terrorisme-doare-ronan-le-masson-jean-michel-sld,fr,4,9782717870251.cfm\"><em>Blessures invisibles et terrorisme<\/em><\/a>, published by Economica.<\/p>\n<\/div><\/div><\/div><\/div><div class=\"wpb_column vc_column_container\"><div class=\"vc_column-inner\"><div class=\"w-image align_center\"><div class=\"w-image-h\"><img decoding=\"async\" width=\"500\" height=\"717\" data-src=\"https:\/\/f-sc.org\/wp-content\/uploads\/2022\/01\/affiche_du_colloque-67b78.jpg\" class=\"attachment-large size-large lazyload\" alt=\"\" data-srcset=\"https:\/\/f-sc.org\/wp-content\/uploads\/2022\/01\/affiche_du_colloque-67b78.jpg 500w, https:\/\/f-sc.org\/wp-content\/uploads\/2022\/01\/affiche_du_colloque-67b78-209x300.jpg 209w, https:\/\/f-sc.org\/wp-content\/uploads\/2022\/01\/affiche_du_colloque-67b78-279x400.jpg 279w\" data-sizes=\"auto, (max-width: 500px) 100vw, 500px\" src=\"data:image\/svg+xml;base64,PHN2ZyB3aWR0aD0iMSIgaGVpZ2h0PSIxIiB4bWxucz0iaHR0cDovL3d3dy53My5vcmcvMjAwMC9zdmciPjwvc3ZnPg==\" style=\"--smush-placeholder-width: 500px; --smush-placeholder-aspect-ratio: 500\/717;\" \/><\/div><\/div><div class=\"w-separator size_small\"><\/div><div class=\"w-btn-wrapper align_center\"><a class=\"w-btn us-btn-style_1\" target=\"_blank\" rel=\"nofollow\" href=\"https:\/\/f-sc.org\/wp-content\/uploads\/2022\/01\/programme__colloque__16-17.11.2016.pdf\"><span class=\"w-btn-label\">Consult the programme<\/span><\/a><\/div><div class=\"w-separator size_small\"><\/div><div class=\"w-btn-wrapper align_center\"><a class=\"w-btn us-btn-style_2\" target=\"_blank\" rel=\"nofollow\" href=\"https:\/\/f-sc.org\/wp-content\/uploads\/2022\/01\/synthese_terrorisme_radicalisation_celt_2016.pdf\"><span class=\"w-btn-label\">Consult the summary of the interventions<\/span><\/a><\/div><\/div><\/div><\/div><\/div><\/div><\/div><\/div><\/section>\n","protected":false},"excerpt":{"rendered":"Developing applied research useful to the fight against terrorism implies associating the best contributors, both academically and operationally, and covering a broad spectrum, from the anticipation of terrorist acts to the confrontation and then to all forms of post-attack resilience. The contributors are in line with this logic of seeking scientific excellence with an operational...","protected":false},"author":2,"featured_media":0,"comment_status":"closed","ping_status":"closed","sticky":false,"template":"","format":"standard","meta":{"_acf_changed":false,"inline_featured_image":false,"footnotes":""},"categories":[28],"tags":[],"class_list":["post-3166","post","type-post","status-publish","format-standard","hentry","category-celt-en"],"acf":[],"yoast_head":"<!-- This site is optimized with the Yoast SEO plugin v27.4 - https:\/\/yoast.com\/product\/yoast-seo-wordpress\/ -->\n<title>Fondation Saint-Cyr - Conference &quot;Terrorism, radicalisation: psychological trauma and resilience&quot;.<\/title>\n<meta name=\"description\" content=\"Colloquium on Terrorism and Radicalisation - Developing applied research useful for the fight against terrorism implies associating ...\" \/>\n<meta name=\"robots\" content=\"index, follow, max-snippet:-1, max-image-preview:large, max-video-preview:-1\" \/>\n<link rel=\"canonical\" href=\"https:\/\/f-sc.org\/en\/conference-terrorism-radicalisation-psychological-trauma-and-resilience\/\" \/>\n<meta property=\"og:locale\" content=\"en_US\" \/>\n<meta property=\"og:type\" content=\"article\" \/>\n<meta property=\"og:title\" content=\"Fondation Saint-Cyr - Conference &quot;Terrorism, radicalisation: psychological trauma and resilience&quot;.\" \/>\n<meta property=\"og:description\" content=\"Colloquium on Terrorism and Radicalisation - Developing applied research useful for the fight against terrorism implies associating ...\" \/>\n<meta property=\"og:url\" content=\"https:\/\/f-sc.org\/en\/conference-terrorism-radicalisation-psychological-trauma-and-resilience\/\" \/>\n<meta property=\"og:site_name\" content=\"Fondation Saint-Cyr\" \/>\n<meta property=\"article:published_time\" content=\"2022-01-12T09:18:59+00:00\" \/>\n<meta property=\"article:modified_time\" content=\"2022-01-12T09:19:02+00:00\" \/>\n<meta name=\"author\" content=\"Alexis Flow44\" \/>\n<meta name=\"twitter:card\" content=\"summary_large_image\" \/>\n<meta name=\"twitter:label1\" content=\"Written by\" \/>\n\t<meta name=\"twitter:data1\" content=\"Alexis Flow44\" \/>\n\t<meta name=\"twitter:label2\" content=\"Est. reading time\" \/>\n\t<meta name=\"twitter:data2\" content=\"2 minutes\" \/>\n<script type=\"application\/ld+json\" class=\"yoast-schema-graph\">{\"@context\":\"https:\\\/\\\/schema.org\",\"@graph\":[{\"@type\":\"Article\",\"@id\":\"https:\\\/\\\/f-sc.org\\\/en\\\/conference-terrorism-radicalisation-psychological-trauma-and-resilience\\\/#article\",\"isPartOf\":{\"@id\":\"https:\\\/\\\/f-sc.org\\\/en\\\/conference-terrorism-radicalisation-psychological-trauma-and-resilience\\\/\"},\"author\":{\"name\":\"Alexis Flow44\",\"@id\":\"https:\\\/\\\/f-sc.org\\\/#\\\/schema\\\/person\\\/ef03c51451a494c895fb472546e85d97\"},\"headline\":\"Conference &#8220;Terrorism, radicalisation: psychological trauma and resilience&#8221;.\",\"datePublished\":\"2022-01-12T09:18:59+00:00\",\"dateModified\":\"2022-01-12T09:19:02+00:00\",\"mainEntityOfPage\":{\"@id\":\"https:\\\/\\\/f-sc.org\\\/en\\\/conference-terrorism-radicalisation-psychological-trauma-and-resilience\\\/\"},\"wordCount\":459,\"publisher\":{\"@id\":\"https:\\\/\\\/f-sc.org\\\/#organization\"},\"articleSection\":[\"CELT\"],\"inLanguage\":\"en-US\"},{\"@type\":\"WebPage\",\"@id\":\"https:\\\/\\\/f-sc.org\\\/en\\\/conference-terrorism-radicalisation-psychological-trauma-and-resilience\\\/\",\"url\":\"https:\\\/\\\/f-sc.org\\\/en\\\/conference-terrorism-radicalisation-psychological-trauma-and-resilience\\\/\",\"name\":\"Fondation Saint-Cyr - Conference \\\"Terrorism, radicalisation: psychological trauma and resilience\\\".\",\"isPartOf\":{\"@id\":\"https:\\\/\\\/f-sc.org\\\/#website\"},\"datePublished\":\"2022-01-12T09:18:59+00:00\",\"dateModified\":\"2022-01-12T09:19:02+00:00\",\"description\":\"Colloquium on Terrorism and Radicalisation - Developing applied research useful for the fight against terrorism implies associating ...\",\"breadcrumb\":{\"@id\":\"https:\\\/\\\/f-sc.org\\\/en\\\/conference-terrorism-radicalisation-psychological-trauma-and-resilience\\\/#breadcrumb\"},\"inLanguage\":\"en-US\",\"potentialAction\":[{\"@type\":\"ReadAction\",\"target\":[\"https:\\\/\\\/f-sc.org\\\/en\\\/conference-terrorism-radicalisation-psychological-trauma-and-resilience\\\/\"]}]},{\"@type\":\"BreadcrumbList\",\"@id\":\"https:\\\/\\\/f-sc.org\\\/en\\\/conference-terrorism-radicalisation-psychological-trauma-and-resilience\\\/#breadcrumb\",\"itemListElement\":[{\"@type\":\"ListItem\",\"position\":1,\"name\":\"Accueil\",\"item\":\"https:\\\/\\\/f-sc.org\\\/en\\\/saint-cyr-foundation\\\/\"},{\"@type\":\"ListItem\",\"position\":2,\"name\":\"Conference &#8220;Terrorism, radicalisation: psychological trauma and resilience&#8221;.\"}]},{\"@type\":\"WebSite\",\"@id\":\"https:\\\/\\\/f-sc.org\\\/#website\",\"url\":\"https:\\\/\\\/f-sc.org\\\/\",\"name\":\"Fondation Saint-Cyr\",\"description\":\"\",\"publisher\":{\"@id\":\"https:\\\/\\\/f-sc.org\\\/#organization\"},\"potentialAction\":[{\"@type\":\"SearchAction\",\"target\":{\"@type\":\"EntryPoint\",\"urlTemplate\":\"https:\\\/\\\/f-sc.org\\\/?s={search_term_string}\"},\"query-input\":{\"@type\":\"PropertyValueSpecification\",\"valueRequired\":true,\"valueName\":\"search_term_string\"}}],\"inLanguage\":\"en-US\"},{\"@type\":\"Organization\",\"@id\":\"https:\\\/\\\/f-sc.org\\\/#organization\",\"name\":\"Fondation Saint-Cyr\",\"url\":\"https:\\\/\\\/f-sc.org\\\/\",\"logo\":{\"@type\":\"ImageObject\",\"inLanguage\":\"en-US\",\"@id\":\"https:\\\/\\\/f-sc.org\\\/#\\\/schema\\\/logo\\\/image\\\/\",\"url\":\"https:\\\/\\\/f-sc.org\\\/wp-content\\\/uploads\\\/2021\\\/10\\\/SC-Fondation.png\",\"contentUrl\":\"https:\\\/\\\/f-sc.org\\\/wp-content\\\/uploads\\\/2021\\\/10\\\/SC-Fondation.png\",\"width\":500,\"height\":164,\"caption\":\"Fondation Saint-Cyr\"},\"image\":{\"@id\":\"https:\\\/\\\/f-sc.org\\\/#\\\/schema\\\/logo\\\/image\\\/\"}},{\"@type\":\"Person\",\"@id\":\"https:\\\/\\\/f-sc.org\\\/#\\\/schema\\\/person\\\/ef03c51451a494c895fb472546e85d97\",\"name\":\"Alexis Flow44\",\"image\":{\"@type\":\"ImageObject\",\"inLanguage\":\"en-US\",\"@id\":\"https:\\\/\\\/secure.gravatar.com\\\/avatar\\\/810975c808e19d0afa4607e4ce50f30ff5cd569316d3aa5814088bebdea25ad1?s=96&d=mm&r=g\",\"url\":\"https:\\\/\\\/secure.gravatar.com\\\/avatar\\\/810975c808e19d0afa4607e4ce50f30ff5cd569316d3aa5814088bebdea25ad1?s=96&d=mm&r=g\",\"contentUrl\":\"https:\\\/\\\/secure.gravatar.com\\\/avatar\\\/810975c808e19d0afa4607e4ce50f30ff5cd569316d3aa5814088bebdea25ad1?s=96&d=mm&r=g\",\"caption\":\"Alexis Flow44\"},\"url\":\"https:\\\/\\\/f-sc.org\\\/en\\\/author\\\/alexis-flow44\\\/\"}]}<\/script>\n<!-- \/ Yoast SEO plugin. -->","yoast_head_json":{"title":"Fondation Saint-Cyr - Conference \"Terrorism, radicalisation: psychological trauma and resilience\".","description":"Colloquium on Terrorism and Radicalisation - Developing applied research useful for the fight against terrorism implies associating ...","robots":{"index":"index","follow":"follow","max-snippet":"max-snippet:-1","max-image-preview":"max-image-preview:large","max-video-preview":"max-video-preview:-1"},"canonical":"https:\/\/f-sc.org\/en\/conference-terrorism-radicalisation-psychological-trauma-and-resilience\/","og_locale":"en_US","og_type":"article","og_title":"Fondation Saint-Cyr - Conference \"Terrorism, radicalisation: psychological trauma and resilience\".","og_description":"Colloquium on Terrorism and Radicalisation - Developing applied research useful for the fight against terrorism implies associating ...","og_url":"https:\/\/f-sc.org\/en\/conference-terrorism-radicalisation-psychological-trauma-and-resilience\/","og_site_name":"Fondation Saint-Cyr","article_published_time":"2022-01-12T09:18:59+00:00","article_modified_time":"2022-01-12T09:19:02+00:00","author":"Alexis Flow44","twitter_card":"summary_large_image","twitter_misc":{"Written by":"Alexis Flow44","Est. reading time":"2 minutes"},"schema":{"@context":"https:\/\/schema.org","@graph":[{"@type":"Article","@id":"https:\/\/f-sc.org\/en\/conference-terrorism-radicalisation-psychological-trauma-and-resilience\/#article","isPartOf":{"@id":"https:\/\/f-sc.org\/en\/conference-terrorism-radicalisation-psychological-trauma-and-resilience\/"},"author":{"name":"Alexis Flow44","@id":"https:\/\/f-sc.org\/#\/schema\/person\/ef03c51451a494c895fb472546e85d97"},"headline":"Conference &#8220;Terrorism, radicalisation: psychological trauma and resilience&#8221;.","datePublished":"2022-01-12T09:18:59+00:00","dateModified":"2022-01-12T09:19:02+00:00","mainEntityOfPage":{"@id":"https:\/\/f-sc.org\/en\/conference-terrorism-radicalisation-psychological-trauma-and-resilience\/"},"wordCount":459,"publisher":{"@id":"https:\/\/f-sc.org\/#organization"},"articleSection":["CELT"],"inLanguage":"en-US"},{"@type":"WebPage","@id":"https:\/\/f-sc.org\/en\/conference-terrorism-radicalisation-psychological-trauma-and-resilience\/","url":"https:\/\/f-sc.org\/en\/conference-terrorism-radicalisation-psychological-trauma-and-resilience\/","name":"Fondation Saint-Cyr - Conference \"Terrorism, radicalisation: psychological trauma and resilience\".","isPartOf":{"@id":"https:\/\/f-sc.org\/#website"},"datePublished":"2022-01-12T09:18:59+00:00","dateModified":"2022-01-12T09:19:02+00:00","description":"Colloquium on Terrorism and Radicalisation - Developing applied research useful for the fight against terrorism implies associating ...","breadcrumb":{"@id":"https:\/\/f-sc.org\/en\/conference-terrorism-radicalisation-psychological-trauma-and-resilience\/#breadcrumb"},"inLanguage":"en-US","potentialAction":[{"@type":"ReadAction","target":["https:\/\/f-sc.org\/en\/conference-terrorism-radicalisation-psychological-trauma-and-resilience\/"]}]},{"@type":"BreadcrumbList","@id":"https:\/\/f-sc.org\/en\/conference-terrorism-radicalisation-psychological-trauma-and-resilience\/#breadcrumb","itemListElement":[{"@type":"ListItem","position":1,"name":"Accueil","item":"https:\/\/f-sc.org\/en\/saint-cyr-foundation\/"},{"@type":"ListItem","position":2,"name":"Conference &#8220;Terrorism, radicalisation: psychological trauma and resilience&#8221;."}]},{"@type":"WebSite","@id":"https:\/\/f-sc.org\/#website","url":"https:\/\/f-sc.org\/","name":"Fondation Saint-Cyr","description":"","publisher":{"@id":"https:\/\/f-sc.org\/#organization"},"potentialAction":[{"@type":"SearchAction","target":{"@type":"EntryPoint","urlTemplate":"https:\/\/f-sc.org\/?s={search_term_string}"},"query-input":{"@type":"PropertyValueSpecification","valueRequired":true,"valueName":"search_term_string"}}],"inLanguage":"en-US"},{"@type":"Organization","@id":"https:\/\/f-sc.org\/#organization","name":"Fondation Saint-Cyr","url":"https:\/\/f-sc.org\/","logo":{"@type":"ImageObject","inLanguage":"en-US","@id":"https:\/\/f-sc.org\/#\/schema\/logo\/image\/","url":"https:\/\/f-sc.org\/wp-content\/uploads\/2021\/10\/SC-Fondation.png","contentUrl":"https:\/\/f-sc.org\/wp-content\/uploads\/2021\/10\/SC-Fondation.png","width":500,"height":164,"caption":"Fondation Saint-Cyr"},"image":{"@id":"https:\/\/f-sc.org\/#\/schema\/logo\/image\/"}},{"@type":"Person","@id":"https:\/\/f-sc.org\/#\/schema\/person\/ef03c51451a494c895fb472546e85d97","name":"Alexis Flow44","image":{"@type":"ImageObject","inLanguage":"en-US","@id":"https:\/\/secure.gravatar.com\/avatar\/810975c808e19d0afa4607e4ce50f30ff5cd569316d3aa5814088bebdea25ad1?s=96&d=mm&r=g","url":"https:\/\/secure.gravatar.com\/avatar\/810975c808e19d0afa4607e4ce50f30ff5cd569316d3aa5814088bebdea25ad1?s=96&d=mm&r=g","contentUrl":"https:\/\/secure.gravatar.com\/avatar\/810975c808e19d0afa4607e4ce50f30ff5cd569316d3aa5814088bebdea25ad1?s=96&d=mm&r=g","caption":"Alexis Flow44"},"url":"https:\/\/f-sc.org\/en\/author\/alexis-flow44\/"}]}},"_links":{"self":[{"href":"https:\/\/f-sc.org\/en\/wp-json\/wp\/v2\/posts\/3166","targetHints":{"allow":["GET"]}}],"collection":[{"href":"https:\/\/f-sc.org\/en\/wp-json\/wp\/v2\/posts"}],"about":[{"href":"https:\/\/f-sc.org\/en\/wp-json\/wp\/v2\/types\/post"}],"author":[{"embeddable":true,"href":"https:\/\/f-sc.org\/en\/wp-json\/wp\/v2\/users\/2"}],"replies":[{"embeddable":true,"href":"https:\/\/f-sc.org\/en\/wp-json\/wp\/v2\/comments?post=3166"}],"version-history":[{"count":5,"href":"https:\/\/f-sc.org\/en\/wp-json\/wp\/v2\/posts\/3166\/revisions"}],"predecessor-version":[{"id":3171,"href":"https:\/\/f-sc.org\/en\/wp-json\/wp\/v2\/posts\/3166\/revisions\/3171"}],"wp:attachment":[{"href":"https:\/\/f-sc.org\/en\/wp-json\/wp\/v2\/media?parent=3166"}],"wp:term":[{"taxonomy":"category","embeddable":true,"href":"https:\/\/f-sc.org\/en\/wp-json\/wp\/v2\/categories?post=3166"},{"taxonomy":"post_tag","embeddable":true,"href":"https:\/\/f-sc.org\/en\/wp-json\/wp\/v2\/tags?post=3166"}],"curies":[{"name":"wp","href":"https:\/\/api.w.org\/{rel}","templated":true}]}}