{"id":2397,"date":"2021-12-08T11:17:44","date_gmt":"2021-12-08T10:17:44","guid":{"rendered":"https:\/\/new.f-sc.org\/interview-with-pierre-puchaud\/"},"modified":"2022-01-11T18:45:24","modified_gmt":"2022-01-11T17:45:24","slug":"interview-with-pierre-puchaud","status":"publish","type":"post","link":"https:\/\/f-sc.org\/en\/interview-with-pierre-puchaud\/","title":{"rendered":"Interview with Pierre Puchaud"},"content":{"rendered":"<section class=\"l-section wpb_row us_custom_432d3f53 height_medium\"><div class=\"l-section-h i-cf\"><div class=\"g-cols vc_row via_grid cols_1 laptops-cols_inherit tablets-cols_inherit mobiles-cols_1 valign_top type_default stacking_default\"><div class=\"wpb_column vc_column_container\"><div class=\"vc_column-inner\"><div class=\"wpb_text_column\"><div class=\"wpb_wrapper\"><div class=\"\"><strong>The Safran Saint-Cyr Chair on The Augmented Soldier in the Digital Battlespace aims to develop research on the conditions under which infantrymen evolve in their environment, by combining the skills of the civilian and military worlds.<\/strong><\/div>\n<\/div><\/div><div class=\"w-separator size_small\"><\/div><div class=\"w-image align_center\"><div class=\"w-image-h\"><img decoding=\"async\" width=\"500\" height=\"136\" data-src=\"https:\/\/f-sc.org\/wp-content\/uploads\/2021\/12\/logos-84d1d.jpg\" class=\"attachment-large size-large lazyload\" alt=\"\" data-srcset=\"https:\/\/f-sc.org\/wp-content\/uploads\/2021\/12\/logos-84d1d.jpg 500w, https:\/\/f-sc.org\/wp-content\/uploads\/2021\/12\/logos-84d1d-300x82.jpg 300w, https:\/\/f-sc.org\/wp-content\/uploads\/2021\/12\/logos-84d1d-400x109.jpg 400w\" data-sizes=\"auto, (max-width: 500px) 100vw, 500px\" src=\"data:image\/svg+xml;base64,PHN2ZyB3aWR0aD0iMSIgaGVpZ2h0PSIxIiB4bWxucz0iaHR0cDovL3d3dy53My5vcmcvMjAwMC9zdmciPjwvc3ZnPg==\" style=\"--smush-placeholder-width: 500px; --smush-placeholder-aspect-ratio: 500\/136;\" \/><\/div><\/div><div class=\"w-separator size_small\"><\/div><div class=\"wpb_text_column\"><div class=\"wpb_wrapper\"><div class=\"\">\n<div class=\"\">\n<p>The scientific program focuses on the work of theses supervised or co-supervised by teacher-researchers from the Co\u00ebtquidan School Research Center with the support of the Saint-Cyr Foundation and funded by Safran.<\/p>\n<p>Two theses are currently in progress, including the one led by Pierre Puchaud, under the direction of Charles Pontonnier, on the development of a generic musculoskeletal model of the army soldier to support his physical activity.<\/p>\n<\/div>\n<\/div>\n<\/div><\/div><\/div><\/div><\/div><\/div><\/section><section class=\"l-section wpb_row height_medium\"><div class=\"l-section-overlay\" style=\"background:#f5f5f5\"><\/div><div class=\"l-section-h i-cf\"><div class=\"g-cols vc_row via_grid cols_1 laptops-cols_inherit tablets-cols_inherit mobiles-cols_1 valign_top type_default stacking_default\"><div class=\"wpb_column vc_column_container\"><div class=\"vc_column-inner\"><div class=\"g-cols wpb_row via_grid cols_2 laptops-cols_inherit tablets-cols_inherit mobiles-cols_1 valign_middle type_default stacking_default\" style=\"--columns-gap:0rem;\"><div class=\"wpb_column vc_column_container\"><div class=\"vc_column-inner\"><div class=\"w-image style_shadow-1 align_center\"><div class=\"w-image-h\"><img decoding=\"async\" width=\"150\" height=\"150\" data-src=\"https:\/\/f-sc.org\/wp-content\/uploads\/2021\/12\/pierre-af9f6-aeadb.jpg\" class=\"attachment-large size-large lazyload\" alt=\"\" src=\"data:image\/svg+xml;base64,PHN2ZyB3aWR0aD0iMSIgaGVpZ2h0PSIxIiB4bWxucz0iaHR0cDovL3d3dy53My5vcmcvMjAwMC9zdmciPjwvc3ZnPg==\" style=\"--smush-placeholder-width: 150px; --smush-placeholder-aspect-ratio: 150\/150;\" \/><\/div><\/div><\/div><\/div><div class=\"wpb_column vc_column_container\"><div class=\"vc_column-inner\"><div class=\"wpb_text_column\"><div class=\"wpb_wrapper\"><p><strong>Pierre Puchaud<\/strong>is a graduate of the Ecole Nationale Sup\u00e9rieure de M\u00e9canique et des Microtechniques in Besan\u00e7on and of Arts et M\u00e9tiers ParisTech in Biomechanics. Since September 2017, he is a PhD student at the Ecole Normale Sup\u00e9rieure de Rennes and is doing his thesis as part of the <strong>Safran Saint-Cyr Chair<\/strong>.<\/p>\n<\/div><\/div><\/div><\/div><\/div><\/div><\/div><\/div><\/div><\/section><section class=\"l-section wpb_row height_medium\"><div class=\"l-section-h i-cf\"><div class=\"g-cols vc_row via_grid cols_1 laptops-cols_inherit tablets-cols_inherit mobiles-cols_1 valign_top type_default stacking_default\"><div class=\"wpb_column vc_column_container\"><div class=\"vc_column-inner\"><div class=\"wpb_text_column us_custom_432d3f53\"><div class=\"wpb_wrapper\"><h4>Can you remind us of the subject of your thesis and tell us why you chose such a problematic?<\/h4>\n<div class=\"\"><\/div>\n<div class=\"\">The title of the thesis is: Development of a generic musculoskeletal model of the soldier to support his physical activity. The problem is the result of a collaboration between Safran&#8217;s R&amp;D departments and Charles Pontonnier, a professor and researcher at the Saint-Cyr Co\u00ebtquidan school. The problem is the result of a collaboration between Safran&#8217;s R&amp;D departments and Charles Pontonnier, a professor and researcher at the Saint-Cyr Co\u00ebtquidan school. In the field &#8211; the soldier is subjected to a great deal of physical activity, such as walking long distances often associated with significant load carrying. Thus, assisting its locomotion and movement would limit fatigue and reduce injuries on the battlefield. As a result, the various parties agreed on the development of a model that is an attractive avenue for virtual exoskeleton prototyping. In the next few years, such a tool could then enter the exoskeleton design cycle.<\/div>\n<div class=\"\"><\/div>\n<h4>What are the objectives of the thesis?<\/h4>\n<div class=\"\"><\/div>\n<div class=\"\">The objective of my thesis work is to build one or more generic models to a population of soldiers so that they can intervene in the design cycle of an exoskeleton. To do this, it will be necessary to carry out a musculoskeletal characterization of the population of soldiers; and from each of these characterizations, to identify subgroups that have common specificities both from a morphological and muscular point of view.<\/div>\n<div class=\"\"><\/div>\n<h4>How is your research work organized?<\/h4>\n<div class=\"\">\n<p>The thesis work is spread over three sites:<br \/>\n\u2022 The Research Center of the Saint-Cyr Co\u00ebtquidan Schools (CREC),<br \/>\n\u2022 The laboratory Movement, Sport, Health of Bruz under the supervision of the ENS Rennes and associated with the UFR STAPS of University Rennes II,<br \/>\n\u2022 And the Institute for Research in Computer Science and Random Systems (IRISA) located on the Baulieu Campus in Rennes.<\/p>\n<p>At the beginning of my thesis, my time is divided between scientific readings and the use and improvement of existing computer tools. We have also submitted an ethics file to a personal protection committee in order to be able to carry out our future experimental campaign entitled &#8220;Musculoskeletal characterization of the lower limb&#8221;. In addition, as part of my project pedagogy vacation with ESM 2 students, I have the opportunity to conduct a project on the soldier&#8217;s load bearing and its effects on the kinematics of walking.<\/p>\n<\/div>\n<\/div><\/div><\/div><\/div><\/div><\/div><\/section>\n","protected":false},"excerpt":{"rendered":"The Safran Saint-Cyr Chair on The Augmented Soldier in the Digital Battlespace aims to develop research on the conditions under which infantrymen evolve in their environment, by combining the skills of the civilian and military worlds. The scientific program focuses on the work of theses supervised or co-supervised by teacher-researchers from the Co\u00ebtquidan School Research...","protected":false},"author":2,"featured_media":2310,"comment_status":"closed","ping_status":"closed","sticky":false,"template":"","format":"standard","meta":{"_acf_changed":false,"inline_featured_image":false,"footnotes":""},"categories":[17],"tags":[],"class_list":["post-2397","post","type-post","status-publish","format-standard","has-post-thumbnail","hentry","category-uncategorized"],"acf":[],"yoast_head":"<!-- This site is optimized with the Yoast SEO plugin v27.4 - https:\/\/yoast.com\/product\/yoast-seo-wordpress\/ -->\n<title>Foundation Saint Cyr - Interview with Pierre Puchaud<\/title>\n<meta name=\"description\" content=\"The Safran Saint-Cyr Chair on The Augmented Soldier in the Digital Battlespace aims to develop research into the ...\" \/>\n<meta name=\"robots\" content=\"index, follow, max-snippet:-1, max-image-preview:large, max-video-preview:-1\" \/>\n<link rel=\"canonical\" href=\"https:\/\/f-sc.org\/en\/interview-with-pierre-puchaud\/\" \/>\n<meta property=\"og:locale\" content=\"en_US\" \/>\n<meta property=\"og:type\" content=\"article\" \/>\n<meta property=\"og:title\" content=\"Foundation Saint Cyr - Interview with Pierre Puchaud\" \/>\n<meta property=\"og:description\" content=\"The Safran Saint-Cyr Chair on The Augmented Soldier in the Digital Battlespace aims to develop research into the ...\" \/>\n<meta property=\"og:url\" content=\"https:\/\/f-sc.org\/en\/interview-with-pierre-puchaud\/\" \/>\n<meta property=\"og:site_name\" content=\"Fondation Saint-Cyr\" \/>\n<meta property=\"article:published_time\" content=\"2021-12-08T10:17:44+00:00\" \/>\n<meta property=\"article:modified_time\" content=\"2022-01-11T17:45:24+00:00\" \/>\n<meta property=\"og:image\" content=\"https:\/\/f-sc.org\/wp-content\/uploads\/2021\/12\/Pierre-Puchaud.jpeg\" \/>\n\t<meta property=\"og:image:width\" content=\"512\" \/>\n\t<meta property=\"og:image:height\" content=\"512\" \/>\n\t<meta property=\"og:image:type\" content=\"image\/jpeg\" \/>\n<meta name=\"author\" content=\"Alexis Flow44\" \/>\n<meta name=\"twitter:card\" content=\"summary_large_image\" \/>\n<meta name=\"twitter:label1\" content=\"Written by\" \/>\n\t<meta name=\"twitter:data1\" content=\"Alexis Flow44\" \/>\n\t<meta name=\"twitter:label2\" content=\"Est. reading time\" \/>\n\t<meta name=\"twitter:data2\" content=\"3 minutes\" \/>\n<script type=\"application\/ld+json\" class=\"yoast-schema-graph\">{\"@context\":\"https:\\\/\\\/schema.org\",\"@graph\":[{\"@type\":\"Article\",\"@id\":\"https:\\\/\\\/f-sc.org\\\/en\\\/interview-with-pierre-puchaud\\\/#article\",\"isPartOf\":{\"@id\":\"https:\\\/\\\/f-sc.org\\\/en\\\/interview-with-pierre-puchaud\\\/\"},\"author\":{\"name\":\"Alexis Flow44\",\"@id\":\"https:\\\/\\\/f-sc.org\\\/#\\\/schema\\\/person\\\/ef03c51451a494c895fb472546e85d97\"},\"headline\":\"Interview with Pierre Puchaud\",\"datePublished\":\"2021-12-08T10:17:44+00:00\",\"dateModified\":\"2022-01-11T17:45:24+00:00\",\"mainEntityOfPage\":{\"@id\":\"https:\\\/\\\/f-sc.org\\\/en\\\/interview-with-pierre-puchaud\\\/\"},\"wordCount\":698,\"publisher\":{\"@id\":\"https:\\\/\\\/f-sc.org\\\/#organization\"},\"image\":{\"@id\":\"https:\\\/\\\/f-sc.org\\\/en\\\/interview-with-pierre-puchaud\\\/#primaryimage\"},\"thumbnailUrl\":\"https:\\\/\\\/f-sc.org\\\/wp-content\\\/uploads\\\/2021\\\/12\\\/Pierre-Puchaud.jpeg\",\"inLanguage\":\"en-US\"},{\"@type\":\"WebPage\",\"@id\":\"https:\\\/\\\/f-sc.org\\\/en\\\/interview-with-pierre-puchaud\\\/\",\"url\":\"https:\\\/\\\/f-sc.org\\\/en\\\/interview-with-pierre-puchaud\\\/\",\"name\":\"Foundation Saint Cyr - Interview with Pierre Puchaud\",\"isPartOf\":{\"@id\":\"https:\\\/\\\/f-sc.org\\\/#website\"},\"primaryImageOfPage\":{\"@id\":\"https:\\\/\\\/f-sc.org\\\/en\\\/interview-with-pierre-puchaud\\\/#primaryimage\"},\"image\":{\"@id\":\"https:\\\/\\\/f-sc.org\\\/en\\\/interview-with-pierre-puchaud\\\/#primaryimage\"},\"thumbnailUrl\":\"https:\\\/\\\/f-sc.org\\\/wp-content\\\/uploads\\\/2021\\\/12\\\/Pierre-Puchaud.jpeg\",\"datePublished\":\"2021-12-08T10:17:44+00:00\",\"dateModified\":\"2022-01-11T17:45:24+00:00\",\"description\":\"The Safran Saint-Cyr Chair on The Augmented Soldier in the Digital Battlespace aims to develop research into the ...\",\"breadcrumb\":{\"@id\":\"https:\\\/\\\/f-sc.org\\\/en\\\/interview-with-pierre-puchaud\\\/#breadcrumb\"},\"inLanguage\":\"en-US\",\"potentialAction\":[{\"@type\":\"ReadAction\",\"target\":[\"https:\\\/\\\/f-sc.org\\\/en\\\/interview-with-pierre-puchaud\\\/\"]}]},{\"@type\":\"ImageObject\",\"inLanguage\":\"en-US\",\"@id\":\"https:\\\/\\\/f-sc.org\\\/en\\\/interview-with-pierre-puchaud\\\/#primaryimage\",\"url\":\"https:\\\/\\\/f-sc.org\\\/wp-content\\\/uploads\\\/2021\\\/12\\\/Pierre-Puchaud.jpeg\",\"contentUrl\":\"https:\\\/\\\/f-sc.org\\\/wp-content\\\/uploads\\\/2021\\\/12\\\/Pierre-Puchaud.jpeg\",\"width\":512,\"height\":512},{\"@type\":\"BreadcrumbList\",\"@id\":\"https:\\\/\\\/f-sc.org\\\/en\\\/interview-with-pierre-puchaud\\\/#breadcrumb\",\"itemListElement\":[{\"@type\":\"ListItem\",\"position\":1,\"name\":\"Accueil\",\"item\":\"https:\\\/\\\/f-sc.org\\\/en\\\/saint-cyr-foundation\\\/\"},{\"@type\":\"ListItem\",\"position\":2,\"name\":\"Interview with Pierre Puchaud\"}]},{\"@type\":\"WebSite\",\"@id\":\"https:\\\/\\\/f-sc.org\\\/#website\",\"url\":\"https:\\\/\\\/f-sc.org\\\/\",\"name\":\"Fondation Saint-Cyr\",\"description\":\"\",\"publisher\":{\"@id\":\"https:\\\/\\\/f-sc.org\\\/#organization\"},\"potentialAction\":[{\"@type\":\"SearchAction\",\"target\":{\"@type\":\"EntryPoint\",\"urlTemplate\":\"https:\\\/\\\/f-sc.org\\\/?s={search_term_string}\"},\"query-input\":{\"@type\":\"PropertyValueSpecification\",\"valueRequired\":true,\"valueName\":\"search_term_string\"}}],\"inLanguage\":\"en-US\"},{\"@type\":\"Organization\",\"@id\":\"https:\\\/\\\/f-sc.org\\\/#organization\",\"name\":\"Fondation Saint-Cyr\",\"url\":\"https:\\\/\\\/f-sc.org\\\/\",\"logo\":{\"@type\":\"ImageObject\",\"inLanguage\":\"en-US\",\"@id\":\"https:\\\/\\\/f-sc.org\\\/#\\\/schema\\\/logo\\\/image\\\/\",\"url\":\"https:\\\/\\\/f-sc.org\\\/wp-content\\\/uploads\\\/2021\\\/10\\\/SC-Fondation.png\",\"contentUrl\":\"https:\\\/\\\/f-sc.org\\\/wp-content\\\/uploads\\\/2021\\\/10\\\/SC-Fondation.png\",\"width\":500,\"height\":164,\"caption\":\"Fondation Saint-Cyr\"},\"image\":{\"@id\":\"https:\\\/\\\/f-sc.org\\\/#\\\/schema\\\/logo\\\/image\\\/\"}},{\"@type\":\"Person\",\"@id\":\"https:\\\/\\\/f-sc.org\\\/#\\\/schema\\\/person\\\/ef03c51451a494c895fb472546e85d97\",\"name\":\"Alexis Flow44\",\"image\":{\"@type\":\"ImageObject\",\"inLanguage\":\"en-US\",\"@id\":\"https:\\\/\\\/secure.gravatar.com\\\/avatar\\\/810975c808e19d0afa4607e4ce50f30ff5cd569316d3aa5814088bebdea25ad1?s=96&d=mm&r=g\",\"url\":\"https:\\\/\\\/secure.gravatar.com\\\/avatar\\\/810975c808e19d0afa4607e4ce50f30ff5cd569316d3aa5814088bebdea25ad1?s=96&d=mm&r=g\",\"contentUrl\":\"https:\\\/\\\/secure.gravatar.com\\\/avatar\\\/810975c808e19d0afa4607e4ce50f30ff5cd569316d3aa5814088bebdea25ad1?s=96&d=mm&r=g\",\"caption\":\"Alexis Flow44\"},\"url\":\"https:\\\/\\\/f-sc.org\\\/en\\\/author\\\/alexis-flow44\\\/\"}]}<\/script>\n<!-- \/ Yoast SEO plugin. -->","yoast_head_json":{"title":"Foundation Saint Cyr - Interview with Pierre Puchaud","description":"The Safran Saint-Cyr Chair on The Augmented Soldier in the Digital Battlespace aims to develop research into the ...","robots":{"index":"index","follow":"follow","max-snippet":"max-snippet:-1","max-image-preview":"max-image-preview:large","max-video-preview":"max-video-preview:-1"},"canonical":"https:\/\/f-sc.org\/en\/interview-with-pierre-puchaud\/","og_locale":"en_US","og_type":"article","og_title":"Foundation Saint Cyr - Interview with Pierre Puchaud","og_description":"The Safran Saint-Cyr Chair on The Augmented Soldier in the Digital Battlespace aims to develop research into the ...","og_url":"https:\/\/f-sc.org\/en\/interview-with-pierre-puchaud\/","og_site_name":"Fondation Saint-Cyr","article_published_time":"2021-12-08T10:17:44+00:00","article_modified_time":"2022-01-11T17:45:24+00:00","og_image":[{"width":512,"height":512,"url":"https:\/\/f-sc.org\/wp-content\/uploads\/2021\/12\/Pierre-Puchaud.jpeg","type":"image\/jpeg"}],"author":"Alexis Flow44","twitter_card":"summary_large_image","twitter_misc":{"Written by":"Alexis Flow44","Est. reading time":"3 minutes"},"schema":{"@context":"https:\/\/schema.org","@graph":[{"@type":"Article","@id":"https:\/\/f-sc.org\/en\/interview-with-pierre-puchaud\/#article","isPartOf":{"@id":"https:\/\/f-sc.org\/en\/interview-with-pierre-puchaud\/"},"author":{"name":"Alexis Flow44","@id":"https:\/\/f-sc.org\/#\/schema\/person\/ef03c51451a494c895fb472546e85d97"},"headline":"Interview with Pierre Puchaud","datePublished":"2021-12-08T10:17:44+00:00","dateModified":"2022-01-11T17:45:24+00:00","mainEntityOfPage":{"@id":"https:\/\/f-sc.org\/en\/interview-with-pierre-puchaud\/"},"wordCount":698,"publisher":{"@id":"https:\/\/f-sc.org\/#organization"},"image":{"@id":"https:\/\/f-sc.org\/en\/interview-with-pierre-puchaud\/#primaryimage"},"thumbnailUrl":"https:\/\/f-sc.org\/wp-content\/uploads\/2021\/12\/Pierre-Puchaud.jpeg","inLanguage":"en-US"},{"@type":"WebPage","@id":"https:\/\/f-sc.org\/en\/interview-with-pierre-puchaud\/","url":"https:\/\/f-sc.org\/en\/interview-with-pierre-puchaud\/","name":"Foundation Saint Cyr - Interview with Pierre Puchaud","isPartOf":{"@id":"https:\/\/f-sc.org\/#website"},"primaryImageOfPage":{"@id":"https:\/\/f-sc.org\/en\/interview-with-pierre-puchaud\/#primaryimage"},"image":{"@id":"https:\/\/f-sc.org\/en\/interview-with-pierre-puchaud\/#primaryimage"},"thumbnailUrl":"https:\/\/f-sc.org\/wp-content\/uploads\/2021\/12\/Pierre-Puchaud.jpeg","datePublished":"2021-12-08T10:17:44+00:00","dateModified":"2022-01-11T17:45:24+00:00","description":"The Safran Saint-Cyr Chair on The Augmented Soldier in the Digital Battlespace aims to develop research into the ...","breadcrumb":{"@id":"https:\/\/f-sc.org\/en\/interview-with-pierre-puchaud\/#breadcrumb"},"inLanguage":"en-US","potentialAction":[{"@type":"ReadAction","target":["https:\/\/f-sc.org\/en\/interview-with-pierre-puchaud\/"]}]},{"@type":"ImageObject","inLanguage":"en-US","@id":"https:\/\/f-sc.org\/en\/interview-with-pierre-puchaud\/#primaryimage","url":"https:\/\/f-sc.org\/wp-content\/uploads\/2021\/12\/Pierre-Puchaud.jpeg","contentUrl":"https:\/\/f-sc.org\/wp-content\/uploads\/2021\/12\/Pierre-Puchaud.jpeg","width":512,"height":512},{"@type":"BreadcrumbList","@id":"https:\/\/f-sc.org\/en\/interview-with-pierre-puchaud\/#breadcrumb","itemListElement":[{"@type":"ListItem","position":1,"name":"Accueil","item":"https:\/\/f-sc.org\/en\/saint-cyr-foundation\/"},{"@type":"ListItem","position":2,"name":"Interview with Pierre Puchaud"}]},{"@type":"WebSite","@id":"https:\/\/f-sc.org\/#website","url":"https:\/\/f-sc.org\/","name":"Fondation Saint-Cyr","description":"","publisher":{"@id":"https:\/\/f-sc.org\/#organization"},"potentialAction":[{"@type":"SearchAction","target":{"@type":"EntryPoint","urlTemplate":"https:\/\/f-sc.org\/?s={search_term_string}"},"query-input":{"@type":"PropertyValueSpecification","valueRequired":true,"valueName":"search_term_string"}}],"inLanguage":"en-US"},{"@type":"Organization","@id":"https:\/\/f-sc.org\/#organization","name":"Fondation Saint-Cyr","url":"https:\/\/f-sc.org\/","logo":{"@type":"ImageObject","inLanguage":"en-US","@id":"https:\/\/f-sc.org\/#\/schema\/logo\/image\/","url":"https:\/\/f-sc.org\/wp-content\/uploads\/2021\/10\/SC-Fondation.png","contentUrl":"https:\/\/f-sc.org\/wp-content\/uploads\/2021\/10\/SC-Fondation.png","width":500,"height":164,"caption":"Fondation Saint-Cyr"},"image":{"@id":"https:\/\/f-sc.org\/#\/schema\/logo\/image\/"}},{"@type":"Person","@id":"https:\/\/f-sc.org\/#\/schema\/person\/ef03c51451a494c895fb472546e85d97","name":"Alexis Flow44","image":{"@type":"ImageObject","inLanguage":"en-US","@id":"https:\/\/secure.gravatar.com\/avatar\/810975c808e19d0afa4607e4ce50f30ff5cd569316d3aa5814088bebdea25ad1?s=96&d=mm&r=g","url":"https:\/\/secure.gravatar.com\/avatar\/810975c808e19d0afa4607e4ce50f30ff5cd569316d3aa5814088bebdea25ad1?s=96&d=mm&r=g","contentUrl":"https:\/\/secure.gravatar.com\/avatar\/810975c808e19d0afa4607e4ce50f30ff5cd569316d3aa5814088bebdea25ad1?s=96&d=mm&r=g","caption":"Alexis Flow44"},"url":"https:\/\/f-sc.org\/en\/author\/alexis-flow44\/"}]}},"_links":{"self":[{"href":"https:\/\/f-sc.org\/en\/wp-json\/wp\/v2\/posts\/2397","targetHints":{"allow":["GET"]}}],"collection":[{"href":"https:\/\/f-sc.org\/en\/wp-json\/wp\/v2\/posts"}],"about":[{"href":"https:\/\/f-sc.org\/en\/wp-json\/wp\/v2\/types\/post"}],"author":[{"embeddable":true,"href":"https:\/\/f-sc.org\/en\/wp-json\/wp\/v2\/users\/2"}],"replies":[{"embeddable":true,"href":"https:\/\/f-sc.org\/en\/wp-json\/wp\/v2\/comments?post=2397"}],"version-history":[{"count":3,"href":"https:\/\/f-sc.org\/en\/wp-json\/wp\/v2\/posts\/2397\/revisions"}],"predecessor-version":[{"id":3084,"href":"https:\/\/f-sc.org\/en\/wp-json\/wp\/v2\/posts\/2397\/revisions\/3084"}],"wp:featuredmedia":[{"embeddable":true,"href":"https:\/\/f-sc.org\/en\/wp-json\/wp\/v2\/media\/2310"}],"wp:attachment":[{"href":"https:\/\/f-sc.org\/en\/wp-json\/wp\/v2\/media?parent=2397"}],"wp:term":[{"taxonomy":"category","embeddable":true,"href":"https:\/\/f-sc.org\/en\/wp-json\/wp\/v2\/categories?post=2397"},{"taxonomy":"post_tag","embeddable":true,"href":"https:\/\/f-sc.org\/en\/wp-json\/wp\/v2\/tags?post=2397"}],"curies":[{"name":"wp","href":"https:\/\/api.w.org\/{rel}","templated":true}]}}